{"id":16,"date":"2013-01-04T18:35:00","date_gmt":"2013-01-04T18:35:00","guid":{"rendered":""},"modified":"2018-01-04T13:42:55","modified_gmt":"2018-01-04T10:42:55","slug":"kizilirmak-deltasi","status":"publish","type":"post","link":"http:\/\/www.kustr.org\/kosks\/karadeniz\/kizilirmak-deltasi\/","title":{"rendered":"K\u0131z\u0131l\u0131rmak Deltas\u0131"},"content":{"rendered":"<p><iframe loading=\"lazy\" frameborder=\"0\" marginheight=\"0\" marginwidth=\"0\" scrolling=\"no\" src=\"https:\/\/maps.google.com\/maps\/ms?msa=0&amp;msid=206584760415353952339.0004d27ab2290536ea0ee&amp;ie=UTF8&amp;t=m&amp;ll=41.630841,35.918427&amp;spn=0.359259,0.583649&amp;z=10&amp;output=embed\" width=\"640\" height=\"480\" ><\/iframe><br \/><small>\u015eunu daha b\u00fcy\u00fck bir haritada g\u00f6r\u00fcnt\u00fcle: <a href=\"https:\/\/maps.google.com\/maps\/ms?msa=0&amp;msid=206584760415353952339.0004d27ab2290536ea0ee&amp;ie=UTF8&amp;t=m&amp;ll=41.630841,35.918427&amp;spn=0.359259,0.583649&amp;z=10&amp;source=embed\" style=\"color: blue; text-align: left;\">Say\u0131m Noktalar\u0131 &#8211; Karadeniz<\/a><\/small><\/p>\n<p>Say\u0131m Noktalar\u0131:<\/p>\n<ol TYPE= \"A\">\n<li>Y\u00f6r\u00fckler mera<\/li>\n<li>Y\u00f6r\u00fckler kooperatifi<\/li>\n<li>Ulug\u00f6l<\/li>\n<li>Yazl\u0131k<\/li>\n<li>Fener<\/li>\n<li>Cernek Deniz<\/li>\n<li>Cernek 1<\/li>\n<li>Cernek 2<\/li>\n<li>Sar\u0131kam\u0131\u015f<\/li>\n<li>Boytar deniz<\/li>\n<li>Boytar &nbsp;<\/li>\n<li>Do\u011fanca<\/li>\n<li>D\u00fcden<\/li>\n<li>Girne<\/li>\n<li>Sar\u0131k\u00f6y Koop. Yolu<\/li>\n<li>Sar\u0131k\u00f6y Koop. &nbsp;<\/li>\n<li>\u00dc\u00e7p\u0131nar<\/li>\n<li>Habilli 1<\/li>\n<li>Habilli 2<\/li>\n<li>\u015eirink\u00f6y<\/li>\n<li>Har\u0131z<\/li>\n<li>Karabo\u011faz<\/li>\n<li>Karabo\u011faz g\u00fcney<\/li>\n<li>Sahilkent<\/li>\n<li>Irmak boyu<\/li>\n<li>Irmak a\u011fz\u0131<\/li>\n<li>Liman G\u00f6l\u00fc Giri\u015f<\/li>\n<li>Liman G\u00f6l\u00fc Kuzey<\/li>\n<li>Liman G\u00f6l\u00fc G\u00fcney<\/li>\n<\/ol>\n<p><\/p>\n<div><\/div>\n","protected":false},"excerpt":{"rendered":"<p>\u015eunu daha b\u00fcy\u00fck bir haritada g\u00f6r\u00fcnt\u00fcle: Say\u0131m Noktalar\u0131 &#8211; Karadeniz Say\u0131m Noktalar\u0131: Y\u00f6r\u00fckler mera Y\u00f6r\u00fckler kooperatifi Ulug\u00f6l Yazl\u0131k Fener Cernek Deniz Cernek 1 Cernek 2 Sar\u0131kam\u0131\u015f Boytar deniz Boytar &nbsp; Do\u011fanca D\u00fcden Girne Sar\u0131k\u00f6y Koop. Yolu Sar\u0131k\u00f6y Koop. &nbsp; \u00dc\u00e7p\u0131nar Habilli 1 Habilli 2 \u015eirink\u00f6y Har\u0131z Karabo\u011faz Karabo\u011faz g\u00fcney Sahilkent Irmak boyu Irmak a\u011fz\u0131 Liman &hellip; <\/p>\n<p class=\"link-more\"><a href=\"http:\/\/www.kustr.org\/kosks\/karadeniz\/kizilirmak-deltasi\/\" class=\"more-link\">Okumaya devam et<span class=\"screen-reader-text\"> &#8220;K\u0131z\u0131l\u0131rmak Deltas\u0131&#8221;<\/span><\/a><\/p>\n","protected":false},"author":2,"featured_media":0,"comment_status":"open","ping_status":"open","sticky":false,"template":"","format":"standard","meta":{"footnotes":""},"categories":[3],"tags":[],"_links":{"self":[{"href":"http:\/\/www.kustr.org\/kosks\/wp-json\/wp\/v2\/posts\/16"}],"collection":[{"href":"http:\/\/www.kustr.org\/kosks\/wp-json\/wp\/v2\/posts"}],"about":[{"href":"http:\/\/www.kustr.org\/kosks\/wp-json\/wp\/v2\/types\/post"}],"author":[{"embeddable":true,"href":"http:\/\/www.kustr.org\/kosks\/wp-json\/wp\/v2\/users\/2"}],"replies":[{"embeddable":true,"href":"http:\/\/www.kustr.org\/kosks\/wp-json\/wp\/v2\/comments?post=16"}],"version-history":[{"count":2,"href":"http:\/\/www.kustr.org\/kosks\/wp-json\/wp\/v2\/posts\/16\/revisions"}],"predecessor-version":[{"id":163,"href":"http:\/\/www.kustr.org\/kosks\/wp-json\/wp\/v2\/posts\/16\/revisions\/163"}],"wp:attachment":[{"href":"http:\/\/www.kustr.org\/kosks\/wp-json\/wp\/v2\/media?parent=16"}],"wp:term":[{"taxonomy":"category","embeddable":true,"href":"http:\/\/www.kustr.org\/kosks\/wp-json\/wp\/v2\/categories?post=16"},{"taxonomy":"post_tag","embeddable":true,"href":"http:\/\/www.kustr.org\/kosks\/wp-json\/wp\/v2\/tags?post=16"}],"curies":[{"name":"wp","href":"https:\/\/api.w.org\/{rel}","templated":true}]}}