{"id":56,"date":"2012-12-25T12:25:00","date_gmt":"2012-12-25T09:25:00","guid":{"rendered":"http:\/\/www.kustr.org\/kosks\/uncategorized\/meric-deltasi\/"},"modified":"2018-01-04T13:46:06","modified_gmt":"2018-01-04T10:46:06","slug":"meric-deltasi","status":"publish","type":"post","link":"http:\/\/www.kustr.org\/kosks\/marmara\/meric-deltasi\/","title":{"rendered":"Meri\u00e7 Deltas\u0131"},"content":{"rendered":"<p><iframe loading=\"lazy\" width=\"640\" height=\"480\" frameborder=\"0\" scrolling=\"no\" marginheight=\"0\" marginwidth=\"0\" src=\"https:\/\/maps.google.com\/maps\/ms?msa=0&amp;msid=206584760415353952339.0004d275a4e55b38244ff&amp;ie=UTF8&amp;t=m&amp;ll=40.83771,26.165314&amp;spn=0.363644,0.583649&amp;z=10&amp;output=embed\"><\/iframe><br \/><small>View <a href=\"https:\/\/maps.google.com\/maps\/ms?msa=0&amp;msid=206584760415353952339.0004d275a4e55b38244ff&amp;ie=UTF8&amp;t=m&amp;ll=40.83771,26.165314&amp;spn=0.363644,0.583649&amp;z=10&amp;source=embed\" style=\"color:#0000FF;text-align:left\">Say\u0131m Noktalar\u0131 &#8211; Marmara ve Karadeniz<\/a> in a larger map<\/small><br \/>Alan\u0131n Haritas\u0131:<\/p>\n<div style=\"clear: both; text-align: center;\"><\/div>\n<p>G\u00f6zlem Noktalar\u0131:<br \/>\u015eu andaki g\u00f6zlem noktalar\u0131 \u00e7ok ayr\u0131nt\u0131l\u0131 de\u011fil. Ku\u015fbank&#8217;a g\u00f6zlem noktalar\u0131 ayr\u0131 lokasyonlar olarak girilmemi\u015f.<br \/>Ge\u00e7en Y\u0131llardaki Say\u0131m Sonu\u00e7lar\u0131:<\/p>\n<div style=\"clear: both; text-align: center;\"><a href=\"http:\/\/2.bp.blogspot.com\/-3PVPeXbCmMA\/UNmbGFr4FYI\/AAAAAAAAFfY\/vnMEA2o-p7A\/s1600\/meri%C3%A7.jpg\" style=\"margin-left: 1em; margin-right: 1em;\"><img decoding=\"async\" border=\"0\" src=\"http:\/\/2.bp.blogspot.com\/-3PVPeXbCmMA\/UNmbGFr4FYI\/AAAAAAAAFfY\/vnMEA2o-p7A\/s1600\/meri%C3%A7.jpg\" \/><\/a><\/div>\n","protected":false},"excerpt":{"rendered":"<p>View Say\u0131m Noktalar\u0131 &#8211; Marmara ve Karadeniz in a larger mapAlan\u0131n Haritas\u0131: G\u00f6zlem Noktalar\u0131:\u015eu andaki g\u00f6zlem noktalar\u0131 \u00e7ok ayr\u0131nt\u0131l\u0131 de\u011fil. Ku\u015fbank&#8217;a g\u00f6zlem noktalar\u0131 ayr\u0131 lokasyonlar olarak girilmemi\u015f.Ge\u00e7en Y\u0131llardaki Say\u0131m Sonu\u00e7lar\u0131:<\/p>\n","protected":false},"author":1,"featured_media":0,"comment_status":"open","ping_status":"open","sticky":false,"template":"","format":"standard","meta":{"footnotes":""},"categories":[9],"tags":[],"_links":{"self":[{"href":"http:\/\/www.kustr.org\/kosks\/wp-json\/wp\/v2\/posts\/56"}],"collection":[{"href":"http:\/\/www.kustr.org\/kosks\/wp-json\/wp\/v2\/posts"}],"about":[{"href":"http:\/\/www.kustr.org\/kosks\/wp-json\/wp\/v2\/types\/post"}],"author":[{"embeddable":true,"href":"http:\/\/www.kustr.org\/kosks\/wp-json\/wp\/v2\/users\/1"}],"replies":[{"embeddable":true,"href":"http:\/\/www.kustr.org\/kosks\/wp-json\/wp\/v2\/comments?post=56"}],"version-history":[{"count":2,"href":"http:\/\/www.kustr.org\/kosks\/wp-json\/wp\/v2\/posts\/56\/revisions"}],"predecessor-version":[{"id":178,"href":"http:\/\/www.kustr.org\/kosks\/wp-json\/wp\/v2\/posts\/56\/revisions\/178"}],"wp:attachment":[{"href":"http:\/\/www.kustr.org\/kosks\/wp-json\/wp\/v2\/media?parent=56"}],"wp:term":[{"taxonomy":"category","embeddable":true,"href":"http:\/\/www.kustr.org\/kosks\/wp-json\/wp\/v2\/categories?post=56"},{"taxonomy":"post_tag","embeddable":true,"href":"http:\/\/www.kustr.org\/kosks\/wp-json\/wp\/v2\/tags?post=56"}],"curies":[{"name":"wp","href":"https:\/\/api.w.org\/{rel}","templated":true}]}}