{"id":8,"date":"2013-01-18T10:47:00","date_gmt":"2013-01-18T10:47:00","guid":{"rendered":""},"modified":"2018-01-04T13:28:31","modified_gmt":"2018-01-04T10:28:31","slug":"gunluk-kus-hareketleri","status":"publish","type":"post","link":"http:\/\/www.kustr.org\/kosks\/uncategorized\/gunluk-kus-hareketleri\/","title":{"rendered":"G\u00fcnl\u00fck Ku\u015f Hareketleri"},"content":{"rendered":"<p>KOSKS konusunda bug\u00fcne kadar belki \u00e7o\u011fu tecr\u00fcbeli ku\u015f\u00e7unun dikkat etti\u011fi, ancak hi\u00e7bir zaman sistematik \u015fekilde ele al\u0131nmayan bir konuyu dile getirece\u011fim&#8230;. Ku\u015flar\u0131n g\u00fcnl\u00fck hareketleri&#8230;<br \/>\u00c7o\u011fu alanda planlanan g\u00fcnde bulundu\u011fumuz saatteki ku\u015flar\u0131 say\u0131yor ve g\u00f6revimizi yerine getiriyoruz. Peki bu yeterli mi sizce?<br \/>Ancak ku\u015flar\u0131n k\u0131\u015f\u0131n g\u00fcnl\u00fck hareketleri bazen say\u0131mlar\u0131 \u00e7ok etkiliyor. Ku\u015flar\u0131n dinlenme, beslenme ve uyuma yerleri birbirinden farkl\u0131 olabiliyor. Bu konudaki baz\u0131 \u00f6rnekler payla\u015fmak istiyorum:<\/p>\n<ul>\n<li>\u0130stanbul K\u00fc\u00e7\u00fck\u00e7ekmece G\u00f6l\u00fc&#8217;nde yakla\u015f\u0131k 10.000 karabatak (sabah \u00e7ok erken saatlerinde g\u00f6le avlanmaya geliyorlar. Daha sonra saat 08:00 sular\u0131nda g\u00f6lde tek bir karabatak bile kalm\u0131yor. Ge\u00e7mi\u015f<br \/>say\u0131mlar \u015fu \u015fekilde:<br \/>1993 10200<br \/> 1996 200 <br \/> 1999 274 <br \/> 2002 77 <br \/> 2005 70 <br \/> 2006 32 <br \/> 2007 755 <br \/> 2008 117 <br \/> 2009 10 <br \/> 2010 31 <br \/> 2011 17<\/li>\n<li>Terkos G\u00f6l\u00fc&#8217;nde avc\u0131 bask\u0131s\u0131 nedeniyle g\u00f6ldeki \u00f6rdekler g\u00fcnd\u00fcz saatlerinde denize u\u00e7uyor. Ayn\u0131 \u015fey K\u0131z\u0131lr\u0131mak, Ye\u015fil\u0131rmak ve B\u00fcy\u00fck Menderes deltalar\u0131 i\u00e7in de ge\u00e7erli.<\/li>\n<li>Marmara denizinin muhtemelen g\u00fcneyinde Band\u0131rma \u00e7evresindeki adalarda uyuyan mart\u0131lar sabaht 08:00-09:00 gibi B\u00fcy\u00fck\u00e7ekmece&#8217;de kuzeye do\u011fru u\u00e7uyorlar. Bu u\u00e7u\u015flar\u0131 s\u0131ras\u0131nda denizden gelir gelmez Mimar Sinan&#8217;daki lag\u00fcnde dinleniyorlar. Sonra kuzeye devam ediyorlar, g\u00f6ldeki bahrilerin ve karabataklar\u0131n ka\u00e7\u0131rd\u0131klar\u0131 bal\u0131klar\u0131 ve tarlalardaki omurgas\u0131zlar\u0131 yiyorlar. Ak\u015fam saatlerinde ise Mimar Sinan k\u00f6pr\u00fcs\u00fcnde tek bir mart\u0131 olmayabiliyor.<\/li>\n<li>Ankara&#8217;n\u0131n karaba\u015f mart\u0131lar\u0131n\u0131n \u00e7o\u011fu Mogan ve Eymir g\u00f6llerinde geceliyorlar. Bu s\u0131rada saat 15:00-17:00 aras\u0131nda binlerce mart\u0131 Mamak \u00c7\u00f6pl\u00fc\u011f\u00fc&#8217;nde g\u00fcneye iniyorlar. Bu nedenle mart\u0131 say\u0131lar\u0131 \u00e7ok de\u011fi\u015fiyor.<br \/>\n<table border=\"0\" cellpadding=\"0\" cellspacing=\"0\" style=\"border-collapse: collapse; width: 262px;\" x:str=\"\">\n<colgroup>\n<col style=\"mso-width-alt: 5668; mso-width-source: userset; width: 116pt;\" width=\"155\"><\/col>\n<col style=\"mso-width-alt: 3913; mso-width-source: userset; width: 80pt;\" width=\"107\"><\/col>\n<\/colgroup>\n<tbody>\n<tr height=\"20\" style=\"height: 15.0pt;\">\n<td align=\"right\" height=\"20\" style=\"height: 15.0pt; width: 116pt;\" width=\"155\" x:num=\"\">1992 4<br \/> 1996 93 <br \/> 1999 485 <br \/> 2002 900 <br \/> 2006 215 <br \/> 2007 3420 <br \/> 2010 1500 <br \/> 2011 600 <\/td>\n<td align=\"right\" style=\"width: 80pt;\" width=\"107\" x:num=\"\"><\/td>\n<\/tr>\n<\/tbody>\n<\/table>\n<\/li>\n<li>Tepeli pelikanlar Manyas ve Uluabat g\u00f6lleri aras\u0131nda cirit at\u0131yorlar:<br \/>\n<table border=\"0\" cellpadding=\"0\" cellspacing=\"0\" style=\"border-collapse: collapse; width: 443px;\" x:str=\"\">\n<colgroup>\n<col style=\"mso-width-alt: 5668; mso-width-source: userset; width: 116pt;\" width=\"155\"><\/col>\n<col style=\"mso-width-alt: 4498; mso-width-source: userset; width: 92pt;\" width=\"123\"><\/col>\n<col style=\"mso-width-alt: 3181; mso-width-source: userset; width: 65pt;\" width=\"87\"><\/col>\n<col style=\"mso-width-alt: 2852; mso-width-source: userset; width: 59pt;\" width=\"78\"><\/col>\n<\/colgroup>\n<tbody>\n<tr height=\"20\" style=\"height: 15.0pt;\">\n<td height=\"20\" style=\"height: 15.0pt; width: 116pt;\" width=\"155\">Y\u0131l<\/td>\n<td style=\"width: 92pt;\" width=\"123\">Manyas&nbsp;<\/td>\n<td style=\"width: 65pt;\" width=\"87\">Uluabat&nbsp;<\/td>\n<td style=\"width: 59pt;\" width=\"78\">Toplam<\/td>\n<\/tr>\n<tr height=\"20\" style=\"height: 15.0pt;\">\n<td align=\"right\" height=\"20\" style=\"height: 15.0pt;\" x:num=\"\">1990<\/td>\n<td align=\"right\" x:num=\"\">16<\/td>\n<td>&nbsp;<\/td>\n<td align=\"right\" x:num=\"\">16<\/td>\n<\/tr>\n<tr height=\"20\" style=\"height: 15.0pt;\">\n<td align=\"right\" height=\"20\" style=\"height: 15.0pt;\" x:num=\"\">1992<\/td>\n<td align=\"right\" x:num=\"\">58<\/td>\n<td><\/td>\n<td align=\"right\" x:num=\"\">58<\/td>\n<\/tr>\n<tr height=\"20\" style=\"height: 15.0pt;\">\n<td align=\"right\" height=\"20\" style=\"height: 15.0pt;\" x:num=\"\">1993<\/td>\n<td align=\"right\" x:num=\"\">117<\/td>\n<td><\/td>\n<td align=\"right\" x:num=\"\">117<\/td>\n<\/tr>\n<tr height=\"20\" style=\"height: 15.0pt;\">\n<td align=\"right\" height=\"20\" style=\"height: 15.0pt;\" x:num=\"\">1996<\/td>\n<td align=\"right\" x:num=\"\">115<\/td>\n<td><\/td>\n<td align=\"right\" x:num=\"\">115<\/td>\n<\/tr>\n<tr height=\"20\" style=\"height: 15.0pt;\">\n<td align=\"right\" height=\"20\" style=\"height: 15.0pt;\" x:num=\"\">1999<\/td>\n<td align=\"right\" x:num=\"\">20<\/td>\n<td><\/td>\n<td align=\"right\" x:num=\"\">20<\/td>\n<\/tr>\n<tr height=\"20\" style=\"height: 15.0pt;\">\n<td align=\"right\" height=\"20\" style=\"height: 15.0pt;\" x:num=\"\">2002<\/td>\n<td align=\"right\" x:num=\"\">23<\/td>\n<td><\/td>\n<td align=\"right\" x:num=\"\">23<\/td>\n<\/tr>\n<tr height=\"20\" style=\"height: 15.0pt;\">\n<td align=\"right\" height=\"20\" style=\"height: 15.0pt;\" x:num=\"\">2005<\/td>\n<td align=\"right\" x:num=\"\">80<\/td>\n<td align=\"right\" x:num=\"\">45<\/td>\n<td align=\"right\" x:num=\"\">80<\/td>\n<\/tr>\n<tr height=\"20\" style=\"height: 15.0pt;\">\n<td align=\"right\" height=\"20\" style=\"height: 15.0pt;\" x:num=\"\">2006<\/td>\n<td align=\"right\" x:num=\"\">31<\/td>\n<td align=\"right\" x:num=\"\">21<\/td>\n<td align=\"right\" x:num=\"\">31<\/td>\n<\/tr>\n<tr height=\"20\" style=\"height: 15.0pt;\">\n<td align=\"right\" height=\"20\" style=\"height: 15.0pt;\" x:num=\"\">2007<\/td>\n<td align=\"right\" x:num=\"\">915<\/td>\n<td><\/td>\n<td align=\"right\" x:num=\"\">915<\/td>\n<\/tr>\n<tr height=\"20\" style=\"height: 15.0pt;\">\n<td align=\"right\" height=\"20\" style=\"height: 15.0pt;\" x:num=\"\">2008<\/td>\n<td>&nbsp;<\/td>\n<td align=\"right\" x:num=\"\">280<\/td>\n<td align=\"right\" x:num=\"\">280<\/td>\n<\/tr>\n<tr height=\"20\" style=\"height: 15.0pt;\">\n<td align=\"right\" height=\"20\" style=\"height: 15.0pt;\" x:num=\"\">2009<\/td>\n<td>&nbsp;<\/td>\n<td align=\"right\" x:num=\"\">98<\/td>\n<td align=\"right\" x:num=\"\">98<\/td>\n<\/tr>\n<tr height=\"20\" style=\"height: 15.0pt;\">\n<td align=\"right\" height=\"20\" style=\"height: 15.0pt;\" x:num=\"\">2010<\/td>\n<td align=\"right\" x:num=\"\">248<\/td>\n<td align=\"right\" x:num=\"\">52<\/td>\n<td align=\"right\" x:num=\"\">248<\/td>\n<\/tr>\n<tr height=\"20\" style=\"height: 15.0pt;\">\n<td align=\"right\" height=\"20\" style=\"height: 15.0pt;\" x:num=\"\">2011<\/td>\n<td>&nbsp;<\/td>\n<td align=\"right\" x:num=\"\">160<\/td>\n<td align=\"right\" x:num=\"\">160<\/td>\n<\/tr>\n<\/tbody>\n<\/table>\n<\/li>\n<\/ul>\n<div><b>\u00d6NER\u0130: U\u00e7an ku\u015flarla y\u00fczen veya dinlenen ku\u015flar\u0131n ayr\u0131m\u0131n\u0131 mutlaka yap\u0131n\u0131z.<\/b><\/div>\n<div><\/div>\n","protected":false},"excerpt":{"rendered":"<p>KOSKS konusunda bug\u00fcne kadar belki \u00e7o\u011fu tecr\u00fcbeli ku\u015f\u00e7unun dikkat etti\u011fi, ancak hi\u00e7bir zaman sistematik \u015fekilde ele al\u0131nmayan bir konuyu dile getirece\u011fim&#8230;. Ku\u015flar\u0131n g\u00fcnl\u00fck hareketleri&#8230;\u00c7o\u011fu alanda planlanan g\u00fcnde bulundu\u011fumuz saatteki ku\u015flar\u0131 say\u0131yor ve g\u00f6revimizi yerine getiriyoruz. Peki bu yeterli mi sizce?Ancak ku\u015flar\u0131n k\u0131\u015f\u0131n g\u00fcnl\u00fck hareketleri bazen say\u0131mlar\u0131 \u00e7ok etkiliyor. Ku\u015flar\u0131n dinlenme, beslenme ve uyuma yerleri birbirinden &hellip; <\/p>\n<p class=\"link-more\"><a href=\"http:\/\/www.kustr.org\/kosks\/uncategorized\/gunluk-kus-hareketleri\/\" class=\"more-link\">Okumaya devam et<span class=\"screen-reader-text\"> &#8220;G\u00fcnl\u00fck Ku\u015f Hareketleri&#8221;<\/span><\/a><\/p>\n","protected":false},"author":1,"featured_media":0,"comment_status":"open","ping_status":"open","sticky":false,"template":"","format":"standard","meta":{"footnotes":""},"categories":[11,1],"tags":[],"_links":{"self":[{"href":"http:\/\/www.kustr.org\/kosks\/wp-json\/wp\/v2\/posts\/8"}],"collection":[{"href":"http:\/\/www.kustr.org\/kosks\/wp-json\/wp\/v2\/posts"}],"about":[{"href":"http:\/\/www.kustr.org\/kosks\/wp-json\/wp\/v2\/types\/post"}],"author":[{"embeddable":true,"href":"http:\/\/www.kustr.org\/kosks\/wp-json\/wp\/v2\/users\/1"}],"replies":[{"embeddable":true,"href":"http:\/\/www.kustr.org\/kosks\/wp-json\/wp\/v2\/comments?post=8"}],"version-history":[{"count":1,"href":"http:\/\/www.kustr.org\/kosks\/wp-json\/wp\/v2\/posts\/8\/revisions"}],"predecessor-version":[{"id":61,"href":"http:\/\/www.kustr.org\/kosks\/wp-json\/wp\/v2\/posts\/8\/revisions\/61"}],"wp:attachment":[{"href":"http:\/\/www.kustr.org\/kosks\/wp-json\/wp\/v2\/media?parent=8"}],"wp:term":[{"taxonomy":"category","embeddable":true,"href":"http:\/\/www.kustr.org\/kosks\/wp-json\/wp\/v2\/categories?post=8"},{"taxonomy":"post_tag","embeddable":true,"href":"http:\/\/www.kustr.org\/kosks\/wp-json\/wp\/v2\/tags?post=8"}],"curies":[{"name":"wp","href":"https:\/\/api.w.org\/{rel}","templated":true}]}}