{"id":168,"date":"2020-05-15T12:02:00","date_gmt":"2020-05-15T09:02:00","guid":{"rendered":"http:\/\/www.kustr.org\/kusisimleri\/?p=168"},"modified":"2020-05-16T18:07:17","modified_gmt":"2020-05-16T15:07:17","slug":"ferit-basbug","status":"publish","type":"post","link":"https:\/\/www.kustr.org\/kusisimleri\/2020\/05\/15\/ferit-basbug\/","title":{"rendered":"Ferit Ba\u015fbu\u011f"},"content":{"rendered":"\n<p>Pateke ismini\u00a0Maori&#8217;den\u00a0geldi\u011fi i\u00e7in vermi\u015fsiniz ve bunu Auckland Islands\u00a0Teal ve Campbell Islands Teal uyarlam\u0131\u015fs\u0131n\u0131z. Bence olmam\u0131\u015f, di\u011fer ikisinde Maori&#8217;den geldi\u011fine ili\u015fkin bir bilgi bulamad\u0131m. Bence Teal oldu\u011fu i\u00e7in bu ku\u015flar\u0131\u00a0Auckland \u00c7amurcunu, Campbell \u00c7amurcunu Kahverengi \u00c7amurcun olarak de\u011fi\u015ftirmenin uygun olaca\u011f\u0131n\u0131 d\u00fc\u015f\u00fcn\u00fcyorum.\u00a0<\/p>\n\n\n\n<p><strong>Amerika Elmaba\u015f\u0131\u00a0<\/strong><em>Aythya americana<\/em>\u00a0Redhead\u00a0 isminin a\u015fa\u011f\u0131daki iki \u00f6rnekte oldu\u011fu gibi Amerikan Elmaba\u015f\u0131\u00a0olarak de\u011fi\u015ftirilmesinin uygun olaca\u011f\u0131n\u0131 d\u00fc\u015f\u00fcn\u00fcyorum. <br><strong>Amerikan Kara \u00d6rde\u011fi\u00a0<\/strong><em>Melanitta americana<\/em>\u00a0Black Scoter\u00a0<br><strong>Amerikan Dikkuyru\u011fu\u00a0<\/strong><em>Oxyura jamaicensis<\/em>\u00a0Ruddy Duck<\/p>\n\n\n\n<p><strong>Ak Kanatl\u0131 Kadife \u00d6rdek\u00a0<\/strong><em>Melanitta deglandi<\/em>\u00a0White-winged Scoter<br><strong>Stejneger \u00d6rde\u011fi\u00a0<\/strong><em>Melanitta stejnegeri<\/em>\u00a0Stejneger\u2019s Scoter\u00a0\u00a0<br><strong>Amerikan Kara \u00d6rde\u011fi\u00a0<\/strong><em>Melanitta americana<\/em>\u00a0Black Scoter , birisi Amerikan di\u011feri Asyal\u0131, daha \u00f6nce birle\u015fikmi\u015f san\u0131r\u0131m. Stejneger \u00f6rde\u011fi yerine Stejneger Kadife \u00f6rde\u011fi veya Stejneger Kara \u00f6rde\u011fi denilebilir.\u00a0<\/p>\n","protected":false},"excerpt":{"rendered":"<p>Pateke ismini\u00a0Maori&#8217;den\u00a0geldi\u011fi i\u00e7in vermi\u015fsiniz ve bunu Auckland Islands\u00a0Teal ve Campbell Islands Teal uyarlam\u0131\u015fs\u0131n\u0131z. Bence olmam\u0131\u015f, di\u011fer ikisinde Maori&#8217;den geldi\u011fine ili\u015fkin bir bilgi bulamad\u0131m. Bence Teal oldu\u011fu i\u00e7in bu ku\u015flar\u0131\u00a0Auckland \u00c7amurcunu, Campbell \u00c7amurcunu Kahverengi \u00c7amurcun olarak de\u011fi\u015ftirmenin uygun olaca\u011f\u0131n\u0131 d\u00fc\u015f\u00fcn\u00fcyorum.\u00a0 Amerika Elmaba\u015f\u0131\u00a0Aythya americana\u00a0Redhead\u00a0 isminin a\u015fa\u011f\u0131daki iki \u00f6rnekte oldu\u011fu gibi Amerikan Elmaba\u015f\u0131\u00a0olarak de\u011fi\u015ftirilmesinin uygun olaca\u011f\u0131n\u0131 d\u00fc\u015f\u00fcn\u00fcyorum. Amerikan [&hellip;]<\/p>\n","protected":false},"author":1,"featured_media":0,"comment_status":"open","ping_status":"open","sticky":false,"template":"","format":"standard","meta":{"_coblocks_attr":"","_coblocks_dimensions":"","_coblocks_responsive_height":"","_coblocks_accordion_ie_support":"","footnotes":""},"categories":[],"tags":[],"_links":{"self":[{"href":"https:\/\/www.kustr.org\/kusisimleri\/wp-json\/wp\/v2\/posts\/168"}],"collection":[{"href":"https:\/\/www.kustr.org\/kusisimleri\/wp-json\/wp\/v2\/posts"}],"about":[{"href":"https:\/\/www.kustr.org\/kusisimleri\/wp-json\/wp\/v2\/types\/post"}],"author":[{"embeddable":true,"href":"https:\/\/www.kustr.org\/kusisimleri\/wp-json\/wp\/v2\/users\/1"}],"replies":[{"embeddable":true,"href":"https:\/\/www.kustr.org\/kusisimleri\/wp-json\/wp\/v2\/comments?post=168"}],"version-history":[{"count":2,"href":"https:\/\/www.kustr.org\/kusisimleri\/wp-json\/wp\/v2\/posts\/168\/revisions"}],"predecessor-version":[{"id":170,"href":"https:\/\/www.kustr.org\/kusisimleri\/wp-json\/wp\/v2\/posts\/168\/revisions\/170"}],"wp:attachment":[{"href":"https:\/\/www.kustr.org\/kusisimleri\/wp-json\/wp\/v2\/media?parent=168"}],"wp:term":[{"taxonomy":"category","embeddable":true,"href":"https:\/\/www.kustr.org\/kusisimleri\/wp-json\/wp\/v2\/categories?post=168"},{"taxonomy":"post_tag","embeddable":true,"href":"https:\/\/www.kustr.org\/kusisimleri\/wp-json\/wp\/v2\/tags?post=168"}],"curies":[{"name":"wp","href":"https:\/\/api.w.org\/{rel}","templated":true}]}}